{"id":1838,"date":"2020-03-12T17:59:02","date_gmt":"2020-03-12T16:59:02","guid":{"rendered":"https:\/\/www.campodelsole.it\/it\/?p=1838"},"modified":"2020-03-12T17:59:02","modified_gmt":"2020-03-12T16:59:02","slug":"chiusura-per-emergenza-corona-virus","status":"publish","type":"post","link":"https:\/\/www.campodelsole.it\/it\/chiusura-per-emergenza-corona-virus\/","title":{"rendered":"Chiusura per emergenza Corona Virus"},"content":{"rendered":"<p>Per senso di responsabilit\u00e0 l&#8217;Azienda Campodelsole rester\u00e0 chiusa al pubblico da gioved\u00ec 12 marzo 2020 fino a data da definirsi.<\/p>\n<p>&nbsp;<\/p>\n<p>Campodelsole is closed for Corona virus emergency.<\/p>\n","protected":false},"excerpt":{"rendered":"<p>  [&#8230;]<\/p>\n","protected":false},"author":3,"featured_media":0,"comment_status":"open","ping_status":"open","sticky":false,"template":"","format":"standard","meta":{"footnotes":""},"categories":[1],"tags":[],"class_list":["post-1838","post","type-post","status-publish","format-standard","hentry","category-eventi-e-news"],"yoast_head":"<!-- This site is optimized with the Yoast SEO plugin v27.1.1 - https:\/\/yoast.com\/product\/yoast-seo-wordpress\/ -->\n<title>Chiusura per emergenza Corona Virus - Campodelsole<\/title>\n<meta name=\"robots\" content=\"index, follow, max-snippet:-1, max-image-preview:large, max-video-preview:-1\" \/>\n<link rel=\"canonical\" href=\"https:\/\/www.campodelsole.it\/it\/chiusura-per-emergenza-corona-virus\/\" \/>\n<meta property=\"og:locale\" content=\"it_IT\" \/>\n<meta property=\"og:type\" content=\"article\" \/>\n<meta property=\"og:title\" content=\"Chiusura per emergenza Corona Virus - Campodelsole\" \/>\n<meta property=\"og:description\" content=\"[...]\" \/>\n<meta property=\"og:url\" content=\"https:\/\/www.campodelsole.it\/it\/chiusura-per-emergenza-corona-virus\/\" \/>\n<meta property=\"og:site_name\" content=\"Campodelsole\" \/>\n<meta property=\"article:published_time\" content=\"2020-03-12T16:59:02+00:00\" \/>\n<meta name=\"author\" content=\"Federica Morelli\" \/>\n<meta name=\"twitter:card\" content=\"summary_large_image\" \/>\n<meta name=\"twitter:label1\" content=\"Scritto da\" \/>\n\t<meta name=\"twitter:data1\" content=\"Federica Morelli\" \/>\n<script type=\"application\/ld+json\" class=\"yoast-schema-graph\">{\"@context\":\"https:\/\/schema.org\",\"@graph\":[{\"@type\":\"Article\",\"@id\":\"https:\/\/www.campodelsole.it\/it\/chiusura-per-emergenza-corona-virus\/#article\",\"isPartOf\":{\"@id\":\"https:\/\/www.campodelsole.it\/it\/chiusura-per-emergenza-corona-virus\/\"},\"author\":{\"name\":\"Federica Morelli\",\"@id\":\"https:\/\/www.campodelsole.it\/it\/#\/schema\/person\/08fd75165f92ba024ad2b355a4884069\"},\"headline\":\"Chiusura per emergenza Corona Virus\",\"datePublished\":\"2020-03-12T16:59:02+00:00\",\"mainEntityOfPage\":{\"@id\":\"https:\/\/www.campodelsole.it\/it\/chiusura-per-emergenza-corona-virus\/\"},\"wordCount\":32,\"commentCount\":0,\"articleSection\":[\"News ed eventi\"],\"inLanguage\":\"it-IT\",\"potentialAction\":[{\"@type\":\"CommentAction\",\"name\":\"Comment\",\"target\":[\"https:\/\/www.campodelsole.it\/it\/chiusura-per-emergenza-corona-virus\/#respond\"]}]},{\"@type\":\"WebPage\",\"@id\":\"https:\/\/www.campodelsole.it\/it\/chiusura-per-emergenza-corona-virus\/\",\"url\":\"https:\/\/www.campodelsole.it\/it\/chiusura-per-emergenza-corona-virus\/\",\"name\":\"Chiusura per emergenza Corona Virus - Campodelsole\",\"isPartOf\":{\"@id\":\"https:\/\/www.campodelsole.it\/it\/#website\"},\"datePublished\":\"2020-03-12T16:59:02+00:00\",\"author\":{\"@id\":\"https:\/\/www.campodelsole.it\/it\/#\/schema\/person\/08fd75165f92ba024ad2b355a4884069\"},\"breadcrumb\":{\"@id\":\"https:\/\/www.campodelsole.it\/it\/chiusura-per-emergenza-corona-virus\/#breadcrumb\"},\"inLanguage\":\"it-IT\",\"potentialAction\":[{\"@type\":\"ReadAction\",\"target\":[\"https:\/\/www.campodelsole.it\/it\/chiusura-per-emergenza-corona-virus\/\"]}]},{\"@type\":\"BreadcrumbList\",\"@id\":\"https:\/\/www.campodelsole.it\/it\/chiusura-per-emergenza-corona-virus\/#breadcrumb\",\"itemListElement\":[{\"@type\":\"ListItem\",\"position\":1,\"name\":\"Home\",\"item\":\"https:\/\/www.campodelsole.it\/it\/\"},{\"@type\":\"ListItem\",\"position\":2,\"name\":\"Chiusura per emergenza Corona Virus\"}]},{\"@type\":\"WebSite\",\"@id\":\"https:\/\/www.campodelsole.it\/it\/#website\",\"url\":\"https:\/\/www.campodelsole.it\/it\/\",\"name\":\"Campodelsole\",\"description\":\"Scopri la cantina Campodelsole di Bertinoro - Emilia Romagna\",\"potentialAction\":[{\"@type\":\"SearchAction\",\"target\":{\"@type\":\"EntryPoint\",\"urlTemplate\":\"https:\/\/www.campodelsole.it\/it\/?s={search_term_string}\"},\"query-input\":{\"@type\":\"PropertyValueSpecification\",\"valueRequired\":true,\"valueName\":\"search_term_string\"}}],\"inLanguage\":\"it-IT\"},{\"@type\":\"Person\",\"@id\":\"https:\/\/www.campodelsole.it\/it\/#\/schema\/person\/08fd75165f92ba024ad2b355a4884069\",\"name\":\"Federica Morelli\",\"url\":\"https:\/\/www.campodelsole.it\/it\/author\/federicamorelli\/\"}]}<\/script>\n<!-- \/ Yoast SEO plugin. -->","yoast_head_json":{"title":"Chiusura per emergenza Corona Virus - Campodelsole","robots":{"index":"index","follow":"follow","max-snippet":"max-snippet:-1","max-image-preview":"max-image-preview:large","max-video-preview":"max-video-preview:-1"},"canonical":"https:\/\/www.campodelsole.it\/it\/chiusura-per-emergenza-corona-virus\/","og_locale":"it_IT","og_type":"article","og_title":"Chiusura per emergenza Corona Virus - Campodelsole","og_description":"[...]","og_url":"https:\/\/www.campodelsole.it\/it\/chiusura-per-emergenza-corona-virus\/","og_site_name":"Campodelsole","article_published_time":"2020-03-12T16:59:02+00:00","author":"Federica Morelli","twitter_card":"summary_large_image","twitter_misc":{"Scritto da":"Federica Morelli"},"schema":{"@context":"https:\/\/schema.org","@graph":[{"@type":"Article","@id":"https:\/\/www.campodelsole.it\/it\/chiusura-per-emergenza-corona-virus\/#article","isPartOf":{"@id":"https:\/\/www.campodelsole.it\/it\/chiusura-per-emergenza-corona-virus\/"},"author":{"name":"Federica Morelli","@id":"https:\/\/www.campodelsole.it\/it\/#\/schema\/person\/08fd75165f92ba024ad2b355a4884069"},"headline":"Chiusura per emergenza Corona Virus","datePublished":"2020-03-12T16:59:02+00:00","mainEntityOfPage":{"@id":"https:\/\/www.campodelsole.it\/it\/chiusura-per-emergenza-corona-virus\/"},"wordCount":32,"commentCount":0,"articleSection":["News ed eventi"],"inLanguage":"it-IT","potentialAction":[{"@type":"CommentAction","name":"Comment","target":["https:\/\/www.campodelsole.it\/it\/chiusura-per-emergenza-corona-virus\/#respond"]}]},{"@type":"WebPage","@id":"https:\/\/www.campodelsole.it\/it\/chiusura-per-emergenza-corona-virus\/","url":"https:\/\/www.campodelsole.it\/it\/chiusura-per-emergenza-corona-virus\/","name":"Chiusura per emergenza Corona Virus - Campodelsole","isPartOf":{"@id":"https:\/\/www.campodelsole.it\/it\/#website"},"datePublished":"2020-03-12T16:59:02+00:00","author":{"@id":"https:\/\/www.campodelsole.it\/it\/#\/schema\/person\/08fd75165f92ba024ad2b355a4884069"},"breadcrumb":{"@id":"https:\/\/www.campodelsole.it\/it\/chiusura-per-emergenza-corona-virus\/#breadcrumb"},"inLanguage":"it-IT","potentialAction":[{"@type":"ReadAction","target":["https:\/\/www.campodelsole.it\/it\/chiusura-per-emergenza-corona-virus\/"]}]},{"@type":"BreadcrumbList","@id":"https:\/\/www.campodelsole.it\/it\/chiusura-per-emergenza-corona-virus\/#breadcrumb","itemListElement":[{"@type":"ListItem","position":1,"name":"Home","item":"https:\/\/www.campodelsole.it\/it\/"},{"@type":"ListItem","position":2,"name":"Chiusura per emergenza Corona Virus"}]},{"@type":"WebSite","@id":"https:\/\/www.campodelsole.it\/it\/#website","url":"https:\/\/www.campodelsole.it\/it\/","name":"Campodelsole","description":"Scopri la cantina Campodelsole di Bertinoro - Emilia Romagna","potentialAction":[{"@type":"SearchAction","target":{"@type":"EntryPoint","urlTemplate":"https:\/\/www.campodelsole.it\/it\/?s={search_term_string}"},"query-input":{"@type":"PropertyValueSpecification","valueRequired":true,"valueName":"search_term_string"}}],"inLanguage":"it-IT"},{"@type":"Person","@id":"https:\/\/www.campodelsole.it\/it\/#\/schema\/person\/08fd75165f92ba024ad2b355a4884069","name":"Federica Morelli","url":"https:\/\/www.campodelsole.it\/it\/author\/federicamorelli\/"}]}},"_links":{"self":[{"href":"https:\/\/www.campodelsole.it\/it\/wp-json\/wp\/v2\/posts\/1838","targetHints":{"allow":["GET"]}}],"collection":[{"href":"https:\/\/www.campodelsole.it\/it\/wp-json\/wp\/v2\/posts"}],"about":[{"href":"https:\/\/www.campodelsole.it\/it\/wp-json\/wp\/v2\/types\/post"}],"author":[{"embeddable":true,"href":"https:\/\/www.campodelsole.it\/it\/wp-json\/wp\/v2\/users\/3"}],"replies":[{"embeddable":true,"href":"https:\/\/www.campodelsole.it\/it\/wp-json\/wp\/v2\/comments?post=1838"}],"version-history":[{"count":3,"href":"https:\/\/www.campodelsole.it\/it\/wp-json\/wp\/v2\/posts\/1838\/revisions"}],"predecessor-version":[{"id":1841,"href":"https:\/\/www.campodelsole.it\/it\/wp-json\/wp\/v2\/posts\/1838\/revisions\/1841"}],"wp:attachment":[{"href":"https:\/\/www.campodelsole.it\/it\/wp-json\/wp\/v2\/media?parent=1838"}],"wp:term":[{"taxonomy":"category","embeddable":true,"href":"https:\/\/www.campodelsole.it\/it\/wp-json\/wp\/v2\/categories?post=1838"},{"taxonomy":"post_tag","embeddable":true,"href":"https:\/\/www.campodelsole.it\/it\/wp-json\/wp\/v2\/tags?post=1838"}],"curies":[{"name":"wp","href":"https:\/\/api.w.org\/{rel}","templated":true}]}}